{"id":14348,"date":"2026-07-20T01:06:10","date_gmt":"2026-07-19T23:06:10","guid":{"rendered":"https:\/\/elbrogit.com\/viu-leclipsi-solar-a-rasquera-a-terres-de-lebre\/"},"modified":"2026-08-05T00:19:22","modified_gmt":"2026-08-04T22:19:22","slug":"eclipsi-solar-rasquera-terres-ebre","status":"publish","type":"post","link":"https:\/\/elbrogit.com\/ca\/eclipsi-solar-rasquera-terres-ebre\/","title":{"rendered":"Viu l&#8217;eclipsi solar a Rasquera, a Terres de l&#8217;Ebre"},"content":{"rendered":"<p>&nbsp;<\/p>\n<p class=\"query-text-line ng-star-inserted\"><strong>\ud83c\udf11VIU UN CAPVESPRE D&#8217;ECLIPSI M\u00c0GIC A TERRES DE L&#8217;EBRE!<\/strong><\/p>\n<p class=\"query-text-line ng-star-inserted\">El pr\u00f2xim 12 d&#8217;agost, prepareu-vos per viure una experi\u00e8ncia irrepetible al Celler Biopaumer\u00e0, a Rasquera. Gaudirem d&#8217;aquest fenomen extraordinari des d&#8217;aquesta explotaci\u00f3 familiar de cultiu ecol\u00f2gic, on la natura, el vi i el cosmos es donaran la m\u00e0.<\/p>\n<p class=\"query-text-line ng-star-inserted\">Per aquesta ocasi\u00f3 tan especial, hem preparat un programa complet perqu\u00e8 gaudiu de cada minut de l&#8217;eclipsi, des del primer contacte fins a la foscor de la totalitat, tot assaborint els productes de la nostra terra.<\/p>\n<p class=\"query-text-line ng-star-inserted\"><strong>\ud83d\udd52 PROGRAMA<\/strong><\/p>\n<p class=\"query-text-line ng-star-inserted\"><strong>18:30 h &#8211; PASSEJADA ENTRE VINYES I OLIVERES CENTEN\u00c0RIES:<\/strong> us donarem la benvinguda amb un passeig relaxant pel nostre entorn per connectar amb la terra abans de mirar al cel.<\/p>\n<p class=\"query-text-line ng-star-inserted\"><strong>19:15 h &#8211; PREPARACI\u00d3 PER L&#8217;ECLIPSI:<\/strong> Farem una explicaci\u00f3 detallada de la log\u00edstica i us donarem les instruccions i les ulleres homologades per garantir una observaci\u00f3 100% segura. Cal recordar que no es pot mirar el sol directament sense protecci\u00f3, ja que podria perjudicar seriosament la visi\u00f3.<\/p>\n<p class=\"query-text-line ng-star-inserted\"><strong>INICI DE L&#8217;ECLIPSI:<\/strong> Mentre la Lluna comen\u00e7a a tapar el Sol, iniciarem un tast d&#8217;olis ecol\u00f2gics del celler Biopaumer\u00e0. Gaudirem del moment de forma relaxada fins a arribar al moment culminant de la totalitat, quan el cel s&#8217;enfosquir\u00e0 i el dia es convertir\u00e0 en nit (a les 20:30h).<\/p>\n<p class=\"query-text-line ng-star-inserted\"><strong>21:00 h &#8211; MARIDATGE DE VINS AMB PRODUCTES LOCALS I M\u00daSICA:<\/strong> Amb les emocions a flor de pell despr\u00e9s de la totalitat, assaborirem els vins del celler amb productes locals i la millor m\u00fasica a c\u00e0rrec del nostre DJ, de l&#8217;entitat 33 revolucions (Associaci\u00f3 d\u2019Amics del Vinil).<\/p>\n<p class=\"query-text-line ng-star-inserted\">Us hi esperem per brindar junts sota l&#8217;ombra de la Lluna!<\/p>\n<p>&nbsp;<\/p>\n<p><strong><a href=\"https:\/\/elbrogit.odoo.com\/contacteelbrogit\" target=\"_blank\" rel=\"noopener\">Clica aqu\u00ed per m\u00e9s informaci\u00f3 i per reservar l&#8217;activitat!<\/a><\/strong><\/p>\n","protected":false},"excerpt":{"rendered":"<p>&nbsp; \ud83c\udf11VIU UN CAPVESPRE D&#8217;ECLIPSI M\u00c0GIC A TERRES DE L&#8217;EBRE! El pr\u00f2xim 12 d&#8217;agost, prepareu-vos per viure una experi\u00e8ncia irrepetible al Celler Biopaumer\u00e0, a Rasquera. Gaudirem d&#8217;aquest fenomen extraordinari des d&#8217;aquesta explotaci\u00f3 familiar de cultiu ecol\u00f2gic, on la natura, el vi i el cosmos es donaran la m\u00e0. Per aquesta ocasi\u00f3 tan especial, hem preparat [&hellip;]<\/p>\n","protected":false},"author":1,"featured_media":14365,"comment_status":"open","ping_status":"open","sticky":false,"template":"","format":"standard","meta":{"_acf_changed":false,"_jetpack_memberships_contains_paid_content":false,"footnotes":""},"categories":[2],"tags":[],"class_list":["post-14348","post","type-post","status-publish","format-standard","has-post-thumbnail","hentry","category-sense-categoria"],"acf":[],"yoast_head":"<!-- This site is optimized with the Yoast SEO plugin v25.1 - https:\/\/yoast.com\/wordpress\/plugins\/seo\/ -->\n<title>Viu l&#039;eclipsi solar a Rasquera, a Terres de l&#039;Ebre - Senderisme i Enoturisme a Catalunya<\/title>\n<meta name=\"robots\" content=\"index, follow, max-snippet:-1, max-image-preview:large, max-video-preview:-1\" \/>\n<link rel=\"canonical\" href=\"https:\/\/elbrogit.com\/ca\/eclipsi-solar-rasquera-terres-ebre\/\" \/>\n<meta property=\"og:locale\" content=\"ca_ES\" \/>\n<meta property=\"og:type\" content=\"article\" \/>\n<meta property=\"og:title\" content=\"Viu l&#039;eclipsi solar a Rasquera, a Terres de l&#039;Ebre - Senderisme i Enoturisme a Catalunya\" \/>\n<meta property=\"og:description\" content=\"&nbsp; \ud83c\udf11VIU UN CAPVESPRE D&#8217;ECLIPSI M\u00c0GIC A TERRES DE L&#8217;EBRE! El pr\u00f2xim 12 d&#8217;agost, prepareu-vos per viure una experi\u00e8ncia irrepetible al Celler Biopaumer\u00e0, a Rasquera. Gaudirem d&#8217;aquest fenomen extraordinari des d&#8217;aquesta explotaci\u00f3 familiar de cultiu ecol\u00f2gic, on la natura, el vi i el cosmos es donaran la m\u00e0. Per aquesta ocasi\u00f3 tan especial, hem preparat [&hellip;]\" \/>\n<meta property=\"og:url\" content=\"https:\/\/elbrogit.com\/ca\/eclipsi-solar-rasquera-terres-ebre\/\" \/>\n<meta property=\"og:site_name\" content=\"Senderisme i Enoturisme a Catalunya\" \/>\n<meta property=\"article:publisher\" content=\"http:\/\/www.facebook.com\/brogit.guiatges\" \/>\n<meta property=\"article:published_time\" content=\"2026-07-19T23:06:10+00:00\" \/>\n<meta property=\"article:modified_time\" content=\"2026-08-04T22:19:22+00:00\" \/>\n<meta property=\"og:image\" content=\"https:\/\/elbrogit.com\/wp-content\/uploads\/SliderEclipsi_banner_ENG.png\" \/>\n\t<meta property=\"og:image:width\" content=\"1120\" \/>\n\t<meta property=\"og:image:height\" content=\"429\" \/>\n\t<meta property=\"og:image:type\" content=\"image\/png\" \/>\n<meta name=\"author\" content=\"brogit2020\" \/>\n<meta name=\"twitter:card\" content=\"summary_large_image\" \/>\n<meta name=\"twitter:creator\" content=\"@elbrogit\" \/>\n<meta name=\"twitter:site\" content=\"@elbrogit\" \/>\n<meta name=\"twitter:label1\" content=\"Escrit per\" \/>\n\t<meta name=\"twitter:data1\" content=\"brogit2020\" \/>\n\t<meta name=\"twitter:label2\" content=\"Temps estimat de lectura\" \/>\n\t<meta name=\"twitter:data2\" content=\"1 minut\" \/>\n<script type=\"application\/ld+json\" class=\"yoast-schema-graph\">{\"@context\":\"https:\/\/schema.org\",\"@graph\":[{\"@type\":\"Article\",\"@id\":\"https:\/\/elbrogit.com\/ca\/eclipsi-solar-rasquera-terres-ebre\/#article\",\"isPartOf\":{\"@id\":\"https:\/\/elbrogit.com\/ca\/eclipsi-solar-rasquera-terres-ebre\/\"},\"author\":{\"name\":\"brogit2020\",\"@id\":\"https:\/\/elbrogit.com\/ca\/#\/schema\/person\/e38c27f73f2f84d65793c9b6ae92dfb4\"},\"headline\":\"Viu l&#8217;eclipsi solar a Rasquera, a Terres de l&#8217;Ebre\",\"datePublished\":\"2026-07-19T23:06:10+00:00\",\"dateModified\":\"2026-08-04T22:19:22+00:00\",\"mainEntityOfPage\":{\"@id\":\"https:\/\/elbrogit.com\/ca\/eclipsi-solar-rasquera-terres-ebre\/\"},\"wordCount\":295,\"commentCount\":0,\"publisher\":{\"@id\":\"https:\/\/elbrogit.com\/ca\/#organization\"},\"image\":{\"@id\":\"https:\/\/elbrogit.com\/ca\/eclipsi-solar-rasquera-terres-ebre\/#primaryimage\"},\"thumbnailUrl\":\"https:\/\/elbrogit.com\/wp-content\/uploads\/SliderEclipsi_banner_ENG.png\",\"inLanguage\":\"ca\",\"potentialAction\":[{\"@type\":\"CommentAction\",\"name\":\"Comment\",\"target\":[\"https:\/\/elbrogit.com\/ca\/eclipsi-solar-rasquera-terres-ebre\/#respond\"]}]},{\"@type\":\"WebPage\",\"@id\":\"https:\/\/elbrogit.com\/ca\/eclipsi-solar-rasquera-terres-ebre\/\",\"url\":\"https:\/\/elbrogit.com\/ca\/eclipsi-solar-rasquera-terres-ebre\/\",\"name\":\"Viu l'eclipsi solar a Rasquera, a Terres de l'Ebre - Senderisme i Enoturisme a Catalunya\",\"isPartOf\":{\"@id\":\"https:\/\/elbrogit.com\/ca\/#website\"},\"primaryImageOfPage\":{\"@id\":\"https:\/\/elbrogit.com\/ca\/eclipsi-solar-rasquera-terres-ebre\/#primaryimage\"},\"image\":{\"@id\":\"https:\/\/elbrogit.com\/ca\/eclipsi-solar-rasquera-terres-ebre\/#primaryimage\"},\"thumbnailUrl\":\"https:\/\/elbrogit.com\/wp-content\/uploads\/SliderEclipsi_banner_ENG.png\",\"datePublished\":\"2026-07-19T23:06:10+00:00\",\"dateModified\":\"2026-08-04T22:19:22+00:00\",\"breadcrumb\":{\"@id\":\"https:\/\/elbrogit.com\/ca\/eclipsi-solar-rasquera-terres-ebre\/#breadcrumb\"},\"inLanguage\":\"ca\",\"potentialAction\":[{\"@type\":\"ReadAction\",\"target\":[\"https:\/\/elbrogit.com\/ca\/eclipsi-solar-rasquera-terres-ebre\/\"]}]},{\"@type\":\"ImageObject\",\"inLanguage\":\"ca\",\"@id\":\"https:\/\/elbrogit.com\/ca\/eclipsi-solar-rasquera-terres-ebre\/#primaryimage\",\"url\":\"https:\/\/elbrogit.com\/wp-content\/uploads\/SliderEclipsi_banner_ENG.png\",\"contentUrl\":\"https:\/\/elbrogit.com\/wp-content\/uploads\/SliderEclipsi_banner_ENG.png\",\"width\":1120,\"height\":429,\"caption\":\"SliderEclipsi_banner_ENG\"},{\"@type\":\"BreadcrumbList\",\"@id\":\"https:\/\/elbrogit.com\/ca\/eclipsi-solar-rasquera-terres-ebre\/#breadcrumb\",\"itemListElement\":[{\"@type\":\"ListItem\",\"position\":1,\"name\":\"Home\",\"item\":\"https:\/\/elbrogit.com\/ca\/\"},{\"@type\":\"ListItem\",\"position\":2,\"name\":\"Viu l&#8217;eclipsi solar a Rasquera, a Terres de l&#8217;Ebre\"}]},{\"@type\":\"WebSite\",\"@id\":\"https:\/\/elbrogit.com\/ca\/#website\",\"url\":\"https:\/\/elbrogit.com\/ca\/\",\"name\":\"Senderisme i Enoturisme a Catalunya\",\"description\":\"Ecotourism, walking, wine tourism and cultural holidays in Catalonia\",\"publisher\":{\"@id\":\"https:\/\/elbrogit.com\/ca\/#organization\"},\"potentialAction\":[{\"@type\":\"SearchAction\",\"target\":{\"@type\":\"EntryPoint\",\"urlTemplate\":\"https:\/\/elbrogit.com\/ca\/?s={search_term_string}\"},\"query-input\":{\"@type\":\"PropertyValueSpecification\",\"valueRequired\":true,\"valueName\":\"search_term_string\"}}],\"inLanguage\":\"ca\"},{\"@type\":\"Organization\",\"@id\":\"https:\/\/elbrogit.com\/ca\/#organization\",\"name\":\"Senderisme i Enoturisme a Catalunya\",\"url\":\"https:\/\/elbrogit.com\/ca\/\",\"logo\":{\"@type\":\"ImageObject\",\"inLanguage\":\"ca\",\"@id\":\"https:\/\/elbrogit.com\/ca\/#\/schema\/logo\/image\/\",\"url\":\"https:\/\/elbrogit.com\/wp-content\/uploads\/cropped-LogoBrogitWeb.jpg\",\"contentUrl\":\"https:\/\/elbrogit.com\/wp-content\/uploads\/cropped-LogoBrogitWeb.jpg\",\"width\":161,\"height\":108,\"caption\":\"Senderisme i Enoturisme a Catalunya\"},\"image\":{\"@id\":\"https:\/\/elbrogit.com\/ca\/#\/schema\/logo\/image\/\"},\"sameAs\":[\"http:\/\/www.facebook.com\/brogit.guiatges\",\"https:\/\/x.com\/elbrogit\"]},{\"@type\":\"Person\",\"@id\":\"https:\/\/elbrogit.com\/ca\/#\/schema\/person\/e38c27f73f2f84d65793c9b6ae92dfb4\",\"name\":\"brogit2020\",\"image\":{\"@type\":\"ImageObject\",\"inLanguage\":\"ca\",\"@id\":\"https:\/\/elbrogit.com\/ca\/#\/schema\/person\/image\/\",\"url\":\"https:\/\/secure.gravatar.com\/avatar\/52742a9472f791b84113eab5d1a4c14c?s=96&d=mm&r=g\",\"contentUrl\":\"https:\/\/secure.gravatar.com\/avatar\/52742a9472f791b84113eab5d1a4c14c?s=96&d=mm&r=g\",\"caption\":\"brogit2020\"},\"sameAs\":[\"https:\/\/elbrogit.com\"],\"url\":\"https:\/\/elbrogit.com\/ca\/author\/brogit2020\/\"}]}<\/script>\n<!-- \/ Yoast SEO plugin. -->","yoast_head_json":{"title":"Viu l'eclipsi solar a Rasquera, a Terres de l'Ebre - Senderisme i Enoturisme a Catalunya","robots":{"index":"index","follow":"follow","max-snippet":"max-snippet:-1","max-image-preview":"max-image-preview:large","max-video-preview":"max-video-preview:-1"},"canonical":"https:\/\/elbrogit.com\/ca\/eclipsi-solar-rasquera-terres-ebre\/","og_locale":"ca_ES","og_type":"article","og_title":"Viu l'eclipsi solar a Rasquera, a Terres de l'Ebre - Senderisme i Enoturisme a Catalunya","og_description":"&nbsp; \ud83c\udf11VIU UN CAPVESPRE D&#8217;ECLIPSI M\u00c0GIC A TERRES DE L&#8217;EBRE! El pr\u00f2xim 12 d&#8217;agost, prepareu-vos per viure una experi\u00e8ncia irrepetible al Celler Biopaumer\u00e0, a Rasquera. Gaudirem d&#8217;aquest fenomen extraordinari des d&#8217;aquesta explotaci\u00f3 familiar de cultiu ecol\u00f2gic, on la natura, el vi i el cosmos es donaran la m\u00e0. Per aquesta ocasi\u00f3 tan especial, hem preparat [&hellip;]","og_url":"https:\/\/elbrogit.com\/ca\/eclipsi-solar-rasquera-terres-ebre\/","og_site_name":"Senderisme i Enoturisme a Catalunya","article_publisher":"http:\/\/www.facebook.com\/brogit.guiatges","article_published_time":"2026-07-19T23:06:10+00:00","article_modified_time":"2026-08-04T22:19:22+00:00","og_image":[{"width":1120,"height":429,"url":"https:\/\/elbrogit.com\/wp-content\/uploads\/SliderEclipsi_banner_ENG.png","type":"image\/png"}],"author":"brogit2020","twitter_card":"summary_large_image","twitter_creator":"@elbrogit","twitter_site":"@elbrogit","twitter_misc":{"Escrit per":"brogit2020","Temps estimat de lectura":"1 minut"},"schema":{"@context":"https:\/\/schema.org","@graph":[{"@type":"Article","@id":"https:\/\/elbrogit.com\/ca\/eclipsi-solar-rasquera-terres-ebre\/#article","isPartOf":{"@id":"https:\/\/elbrogit.com\/ca\/eclipsi-solar-rasquera-terres-ebre\/"},"author":{"name":"brogit2020","@id":"https:\/\/elbrogit.com\/ca\/#\/schema\/person\/e38c27f73f2f84d65793c9b6ae92dfb4"},"headline":"Viu l&#8217;eclipsi solar a Rasquera, a Terres de l&#8217;Ebre","datePublished":"2026-07-19T23:06:10+00:00","dateModified":"2026-08-04T22:19:22+00:00","mainEntityOfPage":{"@id":"https:\/\/elbrogit.com\/ca\/eclipsi-solar-rasquera-terres-ebre\/"},"wordCount":295,"commentCount":0,"publisher":{"@id":"https:\/\/elbrogit.com\/ca\/#organization"},"image":{"@id":"https:\/\/elbrogit.com\/ca\/eclipsi-solar-rasquera-terres-ebre\/#primaryimage"},"thumbnailUrl":"https:\/\/elbrogit.com\/wp-content\/uploads\/SliderEclipsi_banner_ENG.png","inLanguage":"ca","potentialAction":[{"@type":"CommentAction","name":"Comment","target":["https:\/\/elbrogit.com\/ca\/eclipsi-solar-rasquera-terres-ebre\/#respond"]}]},{"@type":"WebPage","@id":"https:\/\/elbrogit.com\/ca\/eclipsi-solar-rasquera-terres-ebre\/","url":"https:\/\/elbrogit.com\/ca\/eclipsi-solar-rasquera-terres-ebre\/","name":"Viu l'eclipsi solar a Rasquera, a Terres de l'Ebre - Senderisme i Enoturisme a Catalunya","isPartOf":{"@id":"https:\/\/elbrogit.com\/ca\/#website"},"primaryImageOfPage":{"@id":"https:\/\/elbrogit.com\/ca\/eclipsi-solar-rasquera-terres-ebre\/#primaryimage"},"image":{"@id":"https:\/\/elbrogit.com\/ca\/eclipsi-solar-rasquera-terres-ebre\/#primaryimage"},"thumbnailUrl":"https:\/\/elbrogit.com\/wp-content\/uploads\/SliderEclipsi_banner_ENG.png","datePublished":"2026-07-19T23:06:10+00:00","dateModified":"2026-08-04T22:19:22+00:00","breadcrumb":{"@id":"https:\/\/elbrogit.com\/ca\/eclipsi-solar-rasquera-terres-ebre\/#breadcrumb"},"inLanguage":"ca","potentialAction":[{"@type":"ReadAction","target":["https:\/\/elbrogit.com\/ca\/eclipsi-solar-rasquera-terres-ebre\/"]}]},{"@type":"ImageObject","inLanguage":"ca","@id":"https:\/\/elbrogit.com\/ca\/eclipsi-solar-rasquera-terres-ebre\/#primaryimage","url":"https:\/\/elbrogit.com\/wp-content\/uploads\/SliderEclipsi_banner_ENG.png","contentUrl":"https:\/\/elbrogit.com\/wp-content\/uploads\/SliderEclipsi_banner_ENG.png","width":1120,"height":429,"caption":"SliderEclipsi_banner_ENG"},{"@type":"BreadcrumbList","@id":"https:\/\/elbrogit.com\/ca\/eclipsi-solar-rasquera-terres-ebre\/#breadcrumb","itemListElement":[{"@type":"ListItem","position":1,"name":"Home","item":"https:\/\/elbrogit.com\/ca\/"},{"@type":"ListItem","position":2,"name":"Viu l&#8217;eclipsi solar a Rasquera, a Terres de l&#8217;Ebre"}]},{"@type":"WebSite","@id":"https:\/\/elbrogit.com\/ca\/#website","url":"https:\/\/elbrogit.com\/ca\/","name":"Senderisme i Enoturisme a Catalunya","description":"Ecotourism, walking, wine tourism and cultural holidays in Catalonia","publisher":{"@id":"https:\/\/elbrogit.com\/ca\/#organization"},"potentialAction":[{"@type":"SearchAction","target":{"@type":"EntryPoint","urlTemplate":"https:\/\/elbrogit.com\/ca\/?s={search_term_string}"},"query-input":{"@type":"PropertyValueSpecification","valueRequired":true,"valueName":"search_term_string"}}],"inLanguage":"ca"},{"@type":"Organization","@id":"https:\/\/elbrogit.com\/ca\/#organization","name":"Senderisme i Enoturisme a Catalunya","url":"https:\/\/elbrogit.com\/ca\/","logo":{"@type":"ImageObject","inLanguage":"ca","@id":"https:\/\/elbrogit.com\/ca\/#\/schema\/logo\/image\/","url":"https:\/\/elbrogit.com\/wp-content\/uploads\/cropped-LogoBrogitWeb.jpg","contentUrl":"https:\/\/elbrogit.com\/wp-content\/uploads\/cropped-LogoBrogitWeb.jpg","width":161,"height":108,"caption":"Senderisme i Enoturisme a Catalunya"},"image":{"@id":"https:\/\/elbrogit.com\/ca\/#\/schema\/logo\/image\/"},"sameAs":["http:\/\/www.facebook.com\/brogit.guiatges","https:\/\/x.com\/elbrogit"]},{"@type":"Person","@id":"https:\/\/elbrogit.com\/ca\/#\/schema\/person\/e38c27f73f2f84d65793c9b6ae92dfb4","name":"brogit2020","image":{"@type":"ImageObject","inLanguage":"ca","@id":"https:\/\/elbrogit.com\/ca\/#\/schema\/person\/image\/","url":"https:\/\/secure.gravatar.com\/avatar\/52742a9472f791b84113eab5d1a4c14c?s=96&d=mm&r=g","contentUrl":"https:\/\/secure.gravatar.com\/avatar\/52742a9472f791b84113eab5d1a4c14c?s=96&d=mm&r=g","caption":"brogit2020"},"sameAs":["https:\/\/elbrogit.com"],"url":"https:\/\/elbrogit.com\/ca\/author\/brogit2020\/"}]}},"jetpack_featured_media_url":"https:\/\/elbrogit.com\/wp-content\/uploads\/SliderEclipsi_banner_ENG.png","jetpack_sharing_enabled":true,"_links":{"self":[{"href":"https:\/\/elbrogit.com\/ca\/wp-json\/wp\/v2\/posts\/14348","targetHints":{"allow":["GET"]}}],"collection":[{"href":"https:\/\/elbrogit.com\/ca\/wp-json\/wp\/v2\/posts"}],"about":[{"href":"https:\/\/elbrogit.com\/ca\/wp-json\/wp\/v2\/types\/post"}],"author":[{"embeddable":true,"href":"https:\/\/elbrogit.com\/ca\/wp-json\/wp\/v2\/users\/1"}],"replies":[{"embeddable":true,"href":"https:\/\/elbrogit.com\/ca\/wp-json\/wp\/v2\/comments?post=14348"}],"version-history":[{"count":4,"href":"https:\/\/elbrogit.com\/ca\/wp-json\/wp\/v2\/posts\/14348\/revisions"}],"predecessor-version":[{"id":14462,"href":"https:\/\/elbrogit.com\/ca\/wp-json\/wp\/v2\/posts\/14348\/revisions\/14462"}],"wp:featuredmedia":[{"embeddable":true,"href":"https:\/\/elbrogit.com\/ca\/wp-json\/wp\/v2\/media\/14365"}],"wp:attachment":[{"href":"https:\/\/elbrogit.com\/ca\/wp-json\/wp\/v2\/media?parent=14348"}],"wp:term":[{"taxonomy":"category","embeddable":true,"href":"https:\/\/elbrogit.com\/ca\/wp-json\/wp\/v2\/categories?post=14348"},{"taxonomy":"post_tag","embeddable":true,"href":"https:\/\/elbrogit.com\/ca\/wp-json\/wp\/v2\/tags?post=14348"}],"curies":[{"name":"wp","href":"https:\/\/api.w.org\/{rel}","templated":true}]}}