{"id":5306,"date":"2020-08-12T12:57:36","date_gmt":"2020-08-12T10:57:36","guid":{"rendered":"https:\/\/elbrogit.com\/senderismo-semana-santa-invierno\/"},"modified":"2020-08-12T12:57:36","modified_gmt":"2020-08-12T10:57:36","slug":"senderismo-semana-santa-invierno","status":"publish","type":"post","link":"https:\/\/elbrogit.com\/es\/senderismo-semana-santa-invierno\/","title":{"rendered":"ACTIVIDADES DE INVIERNO Y SETMANA SANTA 2016"},"content":{"rendered":"<p>Hemos iniciado el 2016 con un invierno muy suave, ideal para caminar por nuestras monta\u00f1as mediterr\u00e1neas! En nuestra agenda mensual podr\u00e9is encontrar <a href=\"http:\/\/eepurl.com\/bOUSZf\"><strong>actividades de medio d\u00eda o todo el d\u00eda para descubrir el sur de Catalunya, combinadas con cal\u00e7otades, gastronom\u00eda, fotograf\u00eda, naturaleza,..<\/strong>.<\/a> <em>(la agenda est\u00e0 en catal\u00e1n, pero puedes acceder a una traducci\u00f3n online o clicar en cada actividad y despu\u00e9s en su traducci\u00f3n al castellano).\u00a0<\/em><\/p>\n<p>Tambi\u00e9n arrenca de nuevo el <a href=\"https:\/\/elbrogit.com\/es\/?attachment_id=4067\"><strong>Astronatura&#8217;t, la escapada que combina astronom\u00eda, naturaleza y gastronom\u00eda en Montblanc.<\/strong> <\/a>Programada en diferentes fechas a lo largo del a\u00f1o, es una oportunidad \u00fanica para conocer a fondo la evoluci\u00f3n del ciclo vital de las plantas y sus usos, del cielo estrellado y su influencia en la agricultura, todo un conocimiento milenario que poco a poco se va perdiendo. Y todo ello maridado con una comida realizada con las mismas hierbas locales. Uno de los momentos m\u00e1s destacados es el oto\u00f1o, cuando coincide con la floraci\u00f3n del azafr\u00e1n, un cultivo que fu\u00e9 muy importante en las <a href=\"\/?page_id=2591\">monta\u00f1as de Prades<\/a> y que poco a poco se est\u00e1 recuperando.<\/p>\n<p>Finalmente, por <strong><a href=\"https:\/\/elbrogit.com\/es\/?attachment_id=4112\">Semana Santa 2016 os proponemos descubrir el Priorat a vuestro aire,<\/a><\/strong> con una nueva experiencia Trek&amp;Vino, flexible ya que pod\u00e9is escoger el nombre de noches, apta para todos los p\u00fablicos, y una gran oportunidad para catar la parte norte del Priorat, la imponente <a href=\"https:\/\/elbrogit.com\/ca\/?post_type=product&#038;p=2590\">Sierra de Montsant,<\/a>\u00a0los deliciosos vinos de la DOQ Priorat reconocidos mundialmente y Siurana, situado en lo alto de la puerta de entra a las monta\u00f1as de Prades. Las reservas se cerraran a 29 de febrero y m\u00e1s all\u00e1 de estas fechas no podremos garantizar la disponibilidad de alojamiento. Una escapada apata para hacer todo el a\u00f1o (exceptuando los meses m\u00e1s calurosos de julio y agosto), tanto en fin de semana como entre semana.<\/p>\n","protected":false},"excerpt":{"rendered":"<p>Hemos iniciado el 2016 con un invierno muy suave, ideal para caminar por nuestras monta\u00f1as mediterr\u00e1neas! En nuestra agenda mensual podr\u00e9is encontrar actividades de medio d\u00eda o todo el d\u00eda para descubrir el sur de Catalunya, combinadas con cal\u00e7otades, gastronom\u00eda, fotograf\u00eda, naturaleza,&#8230; (la agenda est\u00e0 en catal\u00e1n, pero puedes acceder a una traducci\u00f3n online o [&hellip;]<\/p>\n","protected":false},"author":1,"featured_media":3848,"comment_status":"open","ping_status":"open","sticky":false,"template":"","format":"standard","meta":{"_acf_changed":false,"_jetpack_memberships_contains_paid_content":false,"footnotes":""},"categories":[37],"tags":[],"class_list":["post-5306","post","type-post","status-publish","format-standard","has-post-thumbnail","hentry","category-blog-es"],"acf":[],"yoast_head":"<!-- This site is optimized with the Yoast SEO plugin v25.1 - https:\/\/yoast.com\/wordpress\/plugins\/seo\/ -->\n<title>ACTIVIDADES DE INVIERNO Y SETMANA SANTA 2016 - Senderismo y enoturismo en Catalunya<\/title>\n<meta name=\"robots\" content=\"index, follow, max-snippet:-1, max-image-preview:large, max-video-preview:-1\" \/>\n<link rel=\"canonical\" href=\"https:\/\/elbrogit.com\/es\/senderismo-semana-santa-invierno\/\" \/>\n<meta property=\"og:locale\" content=\"es_ES\" \/>\n<meta property=\"og:type\" content=\"article\" \/>\n<meta property=\"og:title\" content=\"ACTIVIDADES DE INVIERNO Y SETMANA SANTA 2016 - Senderismo y enoturismo en Catalunya\" \/>\n<meta property=\"og:description\" content=\"Hemos iniciado el 2016 con un invierno muy suave, ideal para caminar por nuestras monta\u00f1as mediterr\u00e1neas! En nuestra agenda mensual podr\u00e9is encontrar actividades de medio d\u00eda o todo el d\u00eda para descubrir el sur de Catalunya, combinadas con cal\u00e7otades, gastronom\u00eda, fotograf\u00eda, naturaleza,... (la agenda est\u00e0 en catal\u00e1n, pero puedes acceder a una traducci\u00f3n online o [&hellip;]\" \/>\n<meta property=\"og:url\" content=\"https:\/\/elbrogit.com\/es\/senderismo-semana-santa-invierno\/\" \/>\n<meta property=\"og:site_name\" content=\"Senderismo y enoturismo en Catalunya\" \/>\n<meta property=\"article:publisher\" content=\"http:\/\/www.facebook.com\/brogit.guiatges\" \/>\n<meta property=\"article:published_time\" content=\"2020-08-12T10:57:36+00:00\" \/>\n<meta property=\"og:image\" content=\"https:\/\/elbrogit.com\/wp-content\/uploads\/Astronaturat-Safra-Facebook-1.jpg\" \/>\n\t<meta property=\"og:image:width\" content=\"851\" \/>\n\t<meta property=\"og:image:height\" content=\"315\" \/>\n\t<meta property=\"og:image:type\" content=\"image\/jpeg\" \/>\n<meta name=\"author\" content=\"brogit2020\" \/>\n<meta name=\"twitter:card\" content=\"summary_large_image\" \/>\n<meta name=\"twitter:creator\" content=\"@elbrogit\" \/>\n<meta name=\"twitter:site\" content=\"@elbrogit\" \/>\n<meta name=\"twitter:label1\" content=\"Escrito por\" \/>\n\t<meta name=\"twitter:data1\" content=\"brogit2020\" \/>\n\t<meta name=\"twitter:label2\" content=\"Tiempo de lectura\" \/>\n\t<meta name=\"twitter:data2\" content=\"2 minutos\" \/>\n<script type=\"application\/ld+json\" class=\"yoast-schema-graph\">{\"@context\":\"https:\/\/schema.org\",\"@graph\":[{\"@type\":\"Article\",\"@id\":\"https:\/\/elbrogit.com\/es\/senderismo-semana-santa-invierno\/#article\",\"isPartOf\":{\"@id\":\"https:\/\/elbrogit.com\/es\/senderismo-semana-santa-invierno\/\"},\"author\":{\"name\":\"brogit2020\",\"@id\":\"https:\/\/elbrogit.com\/es\/#\/schema\/person\/e38c27f73f2f84d65793c9b6ae92dfb4\"},\"headline\":\"ACTIVIDADES DE INVIERNO Y SETMANA SANTA 2016\",\"datePublished\":\"2020-08-12T10:57:36+00:00\",\"mainEntityOfPage\":{\"@id\":\"https:\/\/elbrogit.com\/es\/senderismo-semana-santa-invierno\/\"},\"wordCount\":330,\"commentCount\":0,\"publisher\":{\"@id\":\"https:\/\/elbrogit.com\/es\/#organization\"},\"image\":{\"@id\":\"https:\/\/elbrogit.com\/es\/senderismo-semana-santa-invierno\/#primaryimage\"},\"thumbnailUrl\":\"https:\/\/elbrogit.com\/wp-content\/uploads\/Astronaturat-Safra-Facebook-1.jpg\",\"articleSection\":[\"Blog\"],\"inLanguage\":\"es\",\"potentialAction\":[{\"@type\":\"CommentAction\",\"name\":\"Comment\",\"target\":[\"https:\/\/elbrogit.com\/es\/senderismo-semana-santa-invierno\/#respond\"]}]},{\"@type\":\"WebPage\",\"@id\":\"https:\/\/elbrogit.com\/es\/senderismo-semana-santa-invierno\/\",\"url\":\"https:\/\/elbrogit.com\/es\/senderismo-semana-santa-invierno\/\",\"name\":\"ACTIVIDADES DE INVIERNO Y SETMANA SANTA 2016 - Senderismo y enoturismo en Catalunya\",\"isPartOf\":{\"@id\":\"https:\/\/elbrogit.com\/es\/#website\"},\"primaryImageOfPage\":{\"@id\":\"https:\/\/elbrogit.com\/es\/senderismo-semana-santa-invierno\/#primaryimage\"},\"image\":{\"@id\":\"https:\/\/elbrogit.com\/es\/senderismo-semana-santa-invierno\/#primaryimage\"},\"thumbnailUrl\":\"https:\/\/elbrogit.com\/wp-content\/uploads\/Astronaturat-Safra-Facebook-1.jpg\",\"datePublished\":\"2020-08-12T10:57:36+00:00\",\"breadcrumb\":{\"@id\":\"https:\/\/elbrogit.com\/es\/senderismo-semana-santa-invierno\/#breadcrumb\"},\"inLanguage\":\"es\",\"potentialAction\":[{\"@type\":\"ReadAction\",\"target\":[\"https:\/\/elbrogit.com\/es\/senderismo-semana-santa-invierno\/\"]}]},{\"@type\":\"ImageObject\",\"inLanguage\":\"es\",\"@id\":\"https:\/\/elbrogit.com\/es\/senderismo-semana-santa-invierno\/#primaryimage\",\"url\":\"https:\/\/elbrogit.com\/wp-content\/uploads\/Astronaturat-Safra-Facebook-1.jpg\",\"contentUrl\":\"https:\/\/elbrogit.com\/wp-content\/uploads\/Astronaturat-Safra-Facebook-1.jpg\",\"width\":851,\"height\":315},{\"@type\":\"BreadcrumbList\",\"@id\":\"https:\/\/elbrogit.com\/es\/senderismo-semana-santa-invierno\/#breadcrumb\",\"itemListElement\":[{\"@type\":\"ListItem\",\"position\":1,\"name\":\"Home\",\"item\":\"https:\/\/elbrogit.com\/es\/\"},{\"@type\":\"ListItem\",\"position\":2,\"name\":\"ACTIVIDADES DE INVIERNO Y SETMANA SANTA 2016\"}]},{\"@type\":\"WebSite\",\"@id\":\"https:\/\/elbrogit.com\/es\/#website\",\"url\":\"https:\/\/elbrogit.com\/es\/\",\"name\":\"Senderismo y enoturismo en Catalunya\",\"description\":\"Ecotourism, walking, wine tourism and cultural holidays in Catalonia\",\"publisher\":{\"@id\":\"https:\/\/elbrogit.com\/es\/#organization\"},\"potentialAction\":[{\"@type\":\"SearchAction\",\"target\":{\"@type\":\"EntryPoint\",\"urlTemplate\":\"https:\/\/elbrogit.com\/es\/?s={search_term_string}\"},\"query-input\":{\"@type\":\"PropertyValueSpecification\",\"valueRequired\":true,\"valueName\":\"search_term_string\"}}],\"inLanguage\":\"es\"},{\"@type\":\"Organization\",\"@id\":\"https:\/\/elbrogit.com\/es\/#organization\",\"name\":\"Senderismo y enoturismo en Catalunya\",\"url\":\"https:\/\/elbrogit.com\/es\/\",\"logo\":{\"@type\":\"ImageObject\",\"inLanguage\":\"es\",\"@id\":\"https:\/\/elbrogit.com\/es\/#\/schema\/logo\/image\/\",\"url\":\"https:\/\/elbrogit.com\/wp-content\/uploads\/cropped-LogoBrogitWeb.jpg\",\"contentUrl\":\"https:\/\/elbrogit.com\/wp-content\/uploads\/cropped-LogoBrogitWeb.jpg\",\"width\":161,\"height\":108,\"caption\":\"Senderismo y enoturismo en Catalunya\"},\"image\":{\"@id\":\"https:\/\/elbrogit.com\/es\/#\/schema\/logo\/image\/\"},\"sameAs\":[\"http:\/\/www.facebook.com\/brogit.guiatges\",\"https:\/\/x.com\/elbrogit\"]},{\"@type\":\"Person\",\"@id\":\"https:\/\/elbrogit.com\/es\/#\/schema\/person\/e38c27f73f2f84d65793c9b6ae92dfb4\",\"name\":\"brogit2020\",\"image\":{\"@type\":\"ImageObject\",\"inLanguage\":\"es\",\"@id\":\"https:\/\/elbrogit.com\/es\/#\/schema\/person\/image\/\",\"url\":\"https:\/\/secure.gravatar.com\/avatar\/52742a9472f791b84113eab5d1a4c14c?s=96&d=mm&r=g\",\"contentUrl\":\"https:\/\/secure.gravatar.com\/avatar\/52742a9472f791b84113eab5d1a4c14c?s=96&d=mm&r=g\",\"caption\":\"brogit2020\"},\"sameAs\":[\"https:\/\/elbrogit.com\"],\"url\":\"https:\/\/elbrogit.com\/es\/author\/brogit2020\/\"}]}<\/script>\n<!-- \/ Yoast SEO plugin. -->","yoast_head_json":{"title":"ACTIVIDADES DE INVIERNO Y SETMANA SANTA 2016 - Senderismo y enoturismo en Catalunya","robots":{"index":"index","follow":"follow","max-snippet":"max-snippet:-1","max-image-preview":"max-image-preview:large","max-video-preview":"max-video-preview:-1"},"canonical":"https:\/\/elbrogit.com\/es\/senderismo-semana-santa-invierno\/","og_locale":"es_ES","og_type":"article","og_title":"ACTIVIDADES DE INVIERNO Y SETMANA SANTA 2016 - Senderismo y enoturismo en Catalunya","og_description":"Hemos iniciado el 2016 con un invierno muy suave, ideal para caminar por nuestras monta\u00f1as mediterr\u00e1neas! En nuestra agenda mensual podr\u00e9is encontrar actividades de medio d\u00eda o todo el d\u00eda para descubrir el sur de Catalunya, combinadas con cal\u00e7otades, gastronom\u00eda, fotograf\u00eda, naturaleza,... (la agenda est\u00e0 en catal\u00e1n, pero puedes acceder a una traducci\u00f3n online o [&hellip;]","og_url":"https:\/\/elbrogit.com\/es\/senderismo-semana-santa-invierno\/","og_site_name":"Senderismo y enoturismo en Catalunya","article_publisher":"http:\/\/www.facebook.com\/brogit.guiatges","article_published_time":"2020-08-12T10:57:36+00:00","og_image":[{"width":851,"height":315,"url":"https:\/\/elbrogit.com\/wp-content\/uploads\/Astronaturat-Safra-Facebook-1.jpg","type":"image\/jpeg"}],"author":"brogit2020","twitter_card":"summary_large_image","twitter_creator":"@elbrogit","twitter_site":"@elbrogit","twitter_misc":{"Escrito por":"brogit2020","Tiempo de lectura":"2 minutos"},"schema":{"@context":"https:\/\/schema.org","@graph":[{"@type":"Article","@id":"https:\/\/elbrogit.com\/es\/senderismo-semana-santa-invierno\/#article","isPartOf":{"@id":"https:\/\/elbrogit.com\/es\/senderismo-semana-santa-invierno\/"},"author":{"name":"brogit2020","@id":"https:\/\/elbrogit.com\/es\/#\/schema\/person\/e38c27f73f2f84d65793c9b6ae92dfb4"},"headline":"ACTIVIDADES DE INVIERNO Y SETMANA SANTA 2016","datePublished":"2020-08-12T10:57:36+00:00","mainEntityOfPage":{"@id":"https:\/\/elbrogit.com\/es\/senderismo-semana-santa-invierno\/"},"wordCount":330,"commentCount":0,"publisher":{"@id":"https:\/\/elbrogit.com\/es\/#organization"},"image":{"@id":"https:\/\/elbrogit.com\/es\/senderismo-semana-santa-invierno\/#primaryimage"},"thumbnailUrl":"https:\/\/elbrogit.com\/wp-content\/uploads\/Astronaturat-Safra-Facebook-1.jpg","articleSection":["Blog"],"inLanguage":"es","potentialAction":[{"@type":"CommentAction","name":"Comment","target":["https:\/\/elbrogit.com\/es\/senderismo-semana-santa-invierno\/#respond"]}]},{"@type":"WebPage","@id":"https:\/\/elbrogit.com\/es\/senderismo-semana-santa-invierno\/","url":"https:\/\/elbrogit.com\/es\/senderismo-semana-santa-invierno\/","name":"ACTIVIDADES DE INVIERNO Y SETMANA SANTA 2016 - Senderismo y enoturismo en Catalunya","isPartOf":{"@id":"https:\/\/elbrogit.com\/es\/#website"},"primaryImageOfPage":{"@id":"https:\/\/elbrogit.com\/es\/senderismo-semana-santa-invierno\/#primaryimage"},"image":{"@id":"https:\/\/elbrogit.com\/es\/senderismo-semana-santa-invierno\/#primaryimage"},"thumbnailUrl":"https:\/\/elbrogit.com\/wp-content\/uploads\/Astronaturat-Safra-Facebook-1.jpg","datePublished":"2020-08-12T10:57:36+00:00","breadcrumb":{"@id":"https:\/\/elbrogit.com\/es\/senderismo-semana-santa-invierno\/#breadcrumb"},"inLanguage":"es","potentialAction":[{"@type":"ReadAction","target":["https:\/\/elbrogit.com\/es\/senderismo-semana-santa-invierno\/"]}]},{"@type":"ImageObject","inLanguage":"es","@id":"https:\/\/elbrogit.com\/es\/senderismo-semana-santa-invierno\/#primaryimage","url":"https:\/\/elbrogit.com\/wp-content\/uploads\/Astronaturat-Safra-Facebook-1.jpg","contentUrl":"https:\/\/elbrogit.com\/wp-content\/uploads\/Astronaturat-Safra-Facebook-1.jpg","width":851,"height":315},{"@type":"BreadcrumbList","@id":"https:\/\/elbrogit.com\/es\/senderismo-semana-santa-invierno\/#breadcrumb","itemListElement":[{"@type":"ListItem","position":1,"name":"Home","item":"https:\/\/elbrogit.com\/es\/"},{"@type":"ListItem","position":2,"name":"ACTIVIDADES DE INVIERNO Y SETMANA SANTA 2016"}]},{"@type":"WebSite","@id":"https:\/\/elbrogit.com\/es\/#website","url":"https:\/\/elbrogit.com\/es\/","name":"Senderismo y enoturismo en Catalunya","description":"Ecotourism, walking, wine tourism and cultural holidays in Catalonia","publisher":{"@id":"https:\/\/elbrogit.com\/es\/#organization"},"potentialAction":[{"@type":"SearchAction","target":{"@type":"EntryPoint","urlTemplate":"https:\/\/elbrogit.com\/es\/?s={search_term_string}"},"query-input":{"@type":"PropertyValueSpecification","valueRequired":true,"valueName":"search_term_string"}}],"inLanguage":"es"},{"@type":"Organization","@id":"https:\/\/elbrogit.com\/es\/#organization","name":"Senderismo y enoturismo en Catalunya","url":"https:\/\/elbrogit.com\/es\/","logo":{"@type":"ImageObject","inLanguage":"es","@id":"https:\/\/elbrogit.com\/es\/#\/schema\/logo\/image\/","url":"https:\/\/elbrogit.com\/wp-content\/uploads\/cropped-LogoBrogitWeb.jpg","contentUrl":"https:\/\/elbrogit.com\/wp-content\/uploads\/cropped-LogoBrogitWeb.jpg","width":161,"height":108,"caption":"Senderismo y enoturismo en Catalunya"},"image":{"@id":"https:\/\/elbrogit.com\/es\/#\/schema\/logo\/image\/"},"sameAs":["http:\/\/www.facebook.com\/brogit.guiatges","https:\/\/x.com\/elbrogit"]},{"@type":"Person","@id":"https:\/\/elbrogit.com\/es\/#\/schema\/person\/e38c27f73f2f84d65793c9b6ae92dfb4","name":"brogit2020","image":{"@type":"ImageObject","inLanguage":"es","@id":"https:\/\/elbrogit.com\/es\/#\/schema\/person\/image\/","url":"https:\/\/secure.gravatar.com\/avatar\/52742a9472f791b84113eab5d1a4c14c?s=96&d=mm&r=g","contentUrl":"https:\/\/secure.gravatar.com\/avatar\/52742a9472f791b84113eab5d1a4c14c?s=96&d=mm&r=g","caption":"brogit2020"},"sameAs":["https:\/\/elbrogit.com"],"url":"https:\/\/elbrogit.com\/es\/author\/brogit2020\/"}]}},"jetpack_featured_media_url":"https:\/\/elbrogit.com\/wp-content\/uploads\/Astronaturat-Safra-Facebook-1.jpg","jetpack_sharing_enabled":true,"_links":{"self":[{"href":"https:\/\/elbrogit.com\/es\/wp-json\/wp\/v2\/posts\/5306","targetHints":{"allow":["GET"]}}],"collection":[{"href":"https:\/\/elbrogit.com\/es\/wp-json\/wp\/v2\/posts"}],"about":[{"href":"https:\/\/elbrogit.com\/es\/wp-json\/wp\/v2\/types\/post"}],"author":[{"embeddable":true,"href":"https:\/\/elbrogit.com\/es\/wp-json\/wp\/v2\/users\/1"}],"replies":[{"embeddable":true,"href":"https:\/\/elbrogit.com\/es\/wp-json\/wp\/v2\/comments?post=5306"}],"version-history":[{"count":0,"href":"https:\/\/elbrogit.com\/es\/wp-json\/wp\/v2\/posts\/5306\/revisions"}],"wp:featuredmedia":[{"embeddable":true,"href":"https:\/\/elbrogit.com\/es\/wp-json\/wp\/v2\/media\/3848"}],"wp:attachment":[{"href":"https:\/\/elbrogit.com\/es\/wp-json\/wp\/v2\/media?parent=5306"}],"wp:term":[{"taxonomy":"category","embeddable":true,"href":"https:\/\/elbrogit.com\/es\/wp-json\/wp\/v2\/categories?post=5306"},{"taxonomy":"post_tag","embeddable":true,"href":"https:\/\/elbrogit.com\/es\/wp-json\/wp\/v2\/tags?post=5306"}],"curies":[{"name":"wp","href":"https:\/\/api.w.org\/{rel}","templated":true}]}}